{"id":1469,"date":"2019-10-25T09:07:47","date_gmt":"2019-10-25T09:07:47","guid":{"rendered":"https:\/\/bijeliljiljan.org\/?p=1469"},"modified":"2019-10-25T09:07:47","modified_gmt":"2019-10-25T09:07:47","slug":"sta-sada-trebam-ciniti","status":"publish","type":"post","link":"https:\/\/bijeliljiljan.org\/?p=1469","title":{"rendered":"\u0160ta sada trebam \u010diniti?"},"content":{"rendered":"\n<div class=\"wp-block-image\"><figure class=\"alignleft is-resized\"><img decoding=\"async\" loading=\"lazy\" src=\"https:\/\/bijeliljiljan.org\/wp-content\/uploads\/2019\/10\/time-eye-dogwithbeards-deviantart.jpg\" alt=\"\" class=\"wp-image-1470\" width=\"348\" height=\"412\" srcset=\"https:\/\/bijeliljiljan.org\/wp-content\/uploads\/2019\/10\/time-eye-dogwithbeards-deviantart.jpg 422w, https:\/\/bijeliljiljan.org\/wp-content\/uploads\/2019\/10\/time-eye-dogwithbeards-deviantart-253x300.jpg 253w\" sizes=\"(max-width: 348px) 100vw, 348px\" \/><\/figure><\/div>\n\n\n\n<p>Iskoristiti priliku zna\u010di usmjeriti svijest i pa\u017enju na postoje\u0107e okolnosti i njihovo ispravno kori\u0161tenje u cilju ostvarenja materijalne i duhovne sre\u0107e. Iskori\u0161tavanje prilike podrazumijeva zalaganje i trud da se ispune sve obaveze koje \u010dovjek trenutno ima. <\/p>\n\n\n\n<p>Tugovanje i\n\u017ealjenje zbog pro\u0161losti velika je psihi\u010dka prepreka koja stoji na putu\nkori\u0161tenja prilika, dok je druga prepreka zabrinutost i strepnja zbog\nbudu\u0107nosti. <\/p>\n\n\n\n<p>Onaj ko \u017eeli\niskoristiti prilike i na ispravan na\u010din upotrijebiti bogatstvo koje posjeduje\nmora zaboraviti pro\u0161lost i osloboditi svoje srce \u017ealjenja i tugovanja zbog nje.\n<\/p>\n\n\n\n<p>Pored toga, on se\nne smije obazirati na budu\u0107nost, niti strahovati\nzbog nje. Potrebno je svu svoju energiju usmjeriti na trenutno stanje i\nokolnosti, neprestano se pitati: <\/p>\n\n\n\n<p>\u201c\u0160ta sada trebam\n\u010diniti?\u201d i dati razuman odgovor na to pitanje. <\/p>\n\n\n\n<p>Nakon toga, mora\nozbiljno pristupiti izvr\u0161enju svojih obaveza.<\/p>\n\n\n\n<p>U \u017eivotu su tri dana: dan koji je pro\u0161ao i ne mo\u017ee se vratiti, dan u kojem se nalazi\u0161 i koji treba znati cijeniti i iskoristiti; i sutra koje jo\u0161 nije do\u0161lo, samo postoji nada i \u017eelja za njim.<\/p>\n\n\n\n<p>U tom smislu Carnegie Dale ka\u017ee: <\/p>\n\n\n\n<p>\u201cTokom cijelog\n\u017eivota \u010dvrsto zatvori \u017eeljeznu kapiju koja vodi pro\u0161losti, onom ju\u010dera\u0161njem\ndanu koji vi\u0161e ne postoji. Tako\u0111er, navuci \u010deli\u010dnu pregradu pred budu\u0107nosti,\nodnosno sutra\u0161njici koja jo\u0161 uvijek nije do\u0161la. Tek tada s potpunom smjelo\u0161\u0107u i\nsvije\u0161\u0107u posveti se trenutnom danas.<\/p>\n\n\n\n<p>Pro\u0161lost prepusti\nnjoj samoj, neka bude pokopana u smrti i nepostojanju. Budu\u0107nost odbaci istom\nonom snagom kojom si odbacio pro\u0161lost. <\/p>\n\n\n\n<p>Dan spasa i\nizbavljenja osim dana\u0161njeg dana ne postoji. Osobe koje strijepe zbog budu\u0107nosti\nuzalud gube energiju i stvaraju sebi nepotrebne, umne i nervne te\u0161ko\u0107e. <\/p>\n\n\n\n<p>Stoga, zatvorite\nkapije ispred ove dvije goropadne nemani, pro\u0161losti i budu\u0107nosti. Razdvojite\nsvoje danas od budu\u0107nosti i pro\u0161losti.\u201d<\/p>\n","protected":false},"excerpt":{"rendered":"<p>Iskoristiti priliku zna\u010di usmjeriti svijest i pa\u017enju na postoje\u0107e okolnosti i njihovo ispravno kori\u0161tenje u cilju ostvarenja materijalne i duhovne sre\u0107e. Iskori\u0161tavanje prilike podrazumijeva zalaganje i trud da se ispune &#8230;<\/p>\n","protected":false},"author":3,"featured_media":1470,"comment_status":"closed","ping_status":"closed","sticky":false,"template":"","format":"standard","meta":[],"categories":[17],"tags":[83,82],"_links":{"self":[{"href":"https:\/\/bijeliljiljan.org\/index.php?rest_route=\/wp\/v2\/posts\/1469"}],"collection":[{"href":"https:\/\/bijeliljiljan.org\/index.php?rest_route=\/wp\/v2\/posts"}],"about":[{"href":"https:\/\/bijeliljiljan.org\/index.php?rest_route=\/wp\/v2\/types\/post"}],"author":[{"embeddable":true,"href":"https:\/\/bijeliljiljan.org\/index.php?rest_route=\/wp\/v2\/users\/3"}],"replies":[{"embeddable":true,"href":"https:\/\/bijeliljiljan.org\/index.php?rest_route=%2Fwp%2Fv2%2Fcomments&post=1469"}],"version-history":[{"count":1,"href":"https:\/\/bijeliljiljan.org\/index.php?rest_route=\/wp\/v2\/posts\/1469\/revisions"}],"predecessor-version":[{"id":1471,"href":"https:\/\/bijeliljiljan.org\/index.php?rest_route=\/wp\/v2\/posts\/1469\/revisions\/1471"}],"wp:featuredmedia":[{"embeddable":true,"href":"https:\/\/bijeliljiljan.org\/index.php?rest_route=\/wp\/v2\/media\/1470"}],"wp:attachment":[{"href":"https:\/\/bijeliljiljan.org\/index.php?rest_route=%2Fwp%2Fv2%2Fmedia&parent=1469"}],"wp:term":[{"taxonomy":"category","embeddable":true,"href":"https:\/\/bijeliljiljan.org\/index.php?rest_route=%2Fwp%2Fv2%2Fcategories&post=1469"},{"taxonomy":"post_tag","embeddable":true,"href":"https:\/\/bijeliljiljan.org\/index.php?rest_route=%2Fwp%2Fv2%2Ftags&post=1469"}],"curies":[{"name":"wp","href":"https:\/\/api.w.org\/{rel}","templated":true}]}}