{"id":1476,"date":"2019-11-02T15:22:08","date_gmt":"2019-11-02T15:22:08","guid":{"rendered":"https:\/\/bijeliljiljan.org\/?p=1476"},"modified":"2019-11-17T10:37:07","modified_gmt":"2019-11-17T10:37:07","slug":"akcija-ciscenja-lisca","status":"publish","type":"post","link":"https:\/\/bijeliljiljan.org\/?p=1476","title":{"rendered":"Akcija \u010di\u0161\u0107enja li\u0161\u0107a"},"content":{"rendered":"\n<p>Subota 2. 11. u 10 sati i 30 minuta grupa osnovaca, odlika\u0161a, u\u010denika svih pet osnovnih \u0161kola sa podru\u010dja Op\u0107ine Vogo\u0161\u0107a provela je akciju \u010di\u0161\u0107enja li\u0161\u0107a na Trgu branilaca ispred upravne zgrade JU KSC.<\/p>\n\n\n\n<figure class=\"wp-block-image\"><a href=\"https:\/\/bijeliljiljan.org\/wp-content\/uploads\/2019\/11\/viber_image_2019-11-02_13-43-19.jpg\"><img decoding=\"async\" loading=\"lazy\" width=\"1024\" height=\"339\" src=\"https:\/\/bijeliljiljan.org\/wp-content\/uploads\/2019\/11\/viber_image_2019-11-02_13-43-19-1024x339.jpg\" alt=\"\" class=\"wp-image-1478\" srcset=\"https:\/\/bijeliljiljan.org\/wp-content\/uploads\/2019\/11\/viber_image_2019-11-02_13-43-19-1024x339.jpg 1024w, https:\/\/bijeliljiljan.org\/wp-content\/uploads\/2019\/11\/viber_image_2019-11-02_13-43-19-300x99.jpg 300w, https:\/\/bijeliljiljan.org\/wp-content\/uploads\/2019\/11\/viber_image_2019-11-02_13-43-19-768x254.jpg 768w, https:\/\/bijeliljiljan.org\/wp-content\/uploads\/2019\/11\/viber_image_2019-11-02_13-43-19.jpg 1600w\" sizes=\"(max-width: 1024px) 100vw, 1024px\" \/><\/a><\/figure>\n\n\n\n<p>Fondacija Bijeli ljiljan u okviru projekta stipendiranja odlika\u0161a iz osnovnih \u0161kola u Vogo\u0161\u0107i, u planu ima svakog mjeseca sa svojih petnaest stipendista, a svi su u\u010denici \u0161estih razreda, provesti po jednu dru\u0161tveno-kulturnu aktivnost. Za ovaj put rije\u010d je o akciji \u010di\u0161\u0107enja li\u0161\u0107a.<\/p>\n\n\n\n<p>U dogovoru sa preduze\u0107em Park i cijenjenim direktorom gosp. Nihadom Kerla, obezbje\u0111ena je tehnika, tojest otpuhiva\u010d li\u0161\u0107a, pa je i pored toga \u0161to je neradni dan ipak  ova akcija mladih i poletnih u\u010denika da u granicama svojih mogu\u0107nosti daju u\u010de\u0161\u0107a u ljep\u0161oj i \u010di\u0161\u0107oj Vogo\u0161\u0107i, bila podr\u017eana od strane vrijednih uposlenika Parka.<\/p>\n\n\n\n<figure class=\"wp-block-image\"><a href=\"https:\/\/bijeliljiljan.org\/wp-content\/uploads\/2019\/11\/viber_image_2019-11-02_13-43-09-1.jpg\"><img decoding=\"async\" loading=\"lazy\" width=\"1024\" height=\"573\" src=\"https:\/\/bijeliljiljan.org\/wp-content\/uploads\/2019\/11\/viber_image_2019-11-02_13-43-09-1-1024x573.jpg\" alt=\"\" class=\"wp-image-1479\" srcset=\"https:\/\/bijeliljiljan.org\/wp-content\/uploads\/2019\/11\/viber_image_2019-11-02_13-43-09-1-1024x573.jpg 1024w, https:\/\/bijeliljiljan.org\/wp-content\/uploads\/2019\/11\/viber_image_2019-11-02_13-43-09-1-300x168.jpg 300w, https:\/\/bijeliljiljan.org\/wp-content\/uploads\/2019\/11\/viber_image_2019-11-02_13-43-09-1-768x430.jpg 768w, https:\/\/bijeliljiljan.org\/wp-content\/uploads\/2019\/11\/viber_image_2019-11-02_13-43-09-1.jpg 1200w\" sizes=\"(max-width: 1024px) 100vw, 1024px\" \/><\/a><\/figure>\n\n\n\n<p>Djeca su u\u017eivala u ovoj aktivnosti, jer li\u0161\u0107e je ipak sa\u010duvalo svoju magiju pa je ovo osim \u0161to je bila i ozbiljna akcija &#8211; jer treba priznati da su djeca stvarno bila vrijedna i nakupila su dosta li\u0161\u0107a &#8211; ipak na licima djece sve vrijeme sijali su sjajni osmjesi. Djeca zaslu\u017euju svaku pohvalu jer su odvojila od svoga vremena, do\u0161la su u centar Vogo\u0161\u0107e i dala doprinos svome voljenom gradu.<\/p>\n\n\n\n<ul class=\"is-layout-flex wp-block-gallery-1 wp-block-gallery columns-3 is-cropped\"><li class=\"blocks-gallery-item\"><figure><a href=\"https:\/\/bijeliljiljan.org\/wp-content\/uploads\/2019\/11\/viber_image_2019-11-02_13--768x1024.jpg\"><img decoding=\"async\" loading=\"lazy\" width=\"768\" height=\"1024\" src=\"https:\/\/bijeliljiljan.org\/wp-content\/uploads\/2019\/11\/viber_image_2019-11-02_13--768x1024.jpg\" alt=\"\" data-id=\"1480\" data-link=\"https:\/\/bijeliljiljan.org\/?attachment_id=1480\" class=\"wp-image-1480\" srcset=\"https:\/\/bijeliljiljan.org\/wp-content\/uploads\/2019\/11\/viber_image_2019-11-02_13--768x1024.jpg 768w, https:\/\/bijeliljiljan.org\/wp-content\/uploads\/2019\/11\/viber_image_2019-11-02_13--225x300.jpg 225w, https:\/\/bijeliljiljan.org\/wp-content\/uploads\/2019\/11\/viber_image_2019-11-02_13-.jpg 1200w\" sizes=\"(max-width: 768px) 100vw, 768px\" \/><\/a><\/figure><\/li><li class=\"blocks-gallery-item\"><figure><a href=\"https:\/\/bijeliljiljan.org\/wp-content\/uploads\/2019\/11\/viber_image_2019-11-02_13-43-08-768x1024.jpg\"><img decoding=\"async\" loading=\"lazy\" width=\"768\" height=\"1024\" src=\"https:\/\/bijeliljiljan.org\/wp-content\/uploads\/2019\/11\/viber_image_2019-11-02_13-43-08-768x1024.jpg\" alt=\"\" data-id=\"1481\" data-link=\"https:\/\/bijeliljiljan.org\/?attachment_id=1481\" class=\"wp-image-1481\" srcset=\"https:\/\/bijeliljiljan.org\/wp-content\/uploads\/2019\/11\/viber_image_2019-11-02_13-43-08-768x1024.jpg 768w, https:\/\/bijeliljiljan.org\/wp-content\/uploads\/2019\/11\/viber_image_2019-11-02_13-43-08-225x300.jpg 225w, https:\/\/bijeliljiljan.org\/wp-content\/uploads\/2019\/11\/viber_image_2019-11-02_13-43-08.jpg 1200w\" sizes=\"(max-width: 768px) 100vw, 768px\" \/><\/a><\/figure><\/li><li class=\"blocks-gallery-item\"><figure><a href=\"https:\/\/bijeliljiljan.org\/wp-content\/uploads\/2019\/11\/viber_image_2019-11-02_13-43-18-768x1024.jpg\"><img decoding=\"async\" loading=\"lazy\" width=\"768\" height=\"1024\" src=\"https:\/\/bijeliljiljan.org\/wp-content\/uploads\/2019\/11\/viber_image_2019-11-02_13-43-18-768x1024.jpg\" alt=\"\" data-id=\"1482\" data-link=\"https:\/\/bijeliljiljan.org\/?attachment_id=1482\" class=\"wp-image-1482\" srcset=\"https:\/\/bijeliljiljan.org\/wp-content\/uploads\/2019\/11\/viber_image_2019-11-02_13-43-18-768x1024.jpg 768w, https:\/\/bijeliljiljan.org\/wp-content\/uploads\/2019\/11\/viber_image_2019-11-02_13-43-18-225x300.jpg 225w, https:\/\/bijeliljiljan.org\/wp-content\/uploads\/2019\/11\/viber_image_2019-11-02_13-43-18.jpg 1200w\" sizes=\"(max-width: 768px) 100vw, 768px\" \/><\/a><\/figure><\/li><li class=\"blocks-gallery-item\"><figure><a href=\"https:\/\/bijeliljiljan.org\/wp-content\/uploads\/2019\/11\/viber_image_2019-11-02_13-43-23-768x1024.jpg\"><img decoding=\"async\" loading=\"lazy\" width=\"768\" height=\"1024\" src=\"https:\/\/bijeliljiljan.org\/wp-content\/uploads\/2019\/11\/viber_image_2019-11-02_13-43-23-768x1024.jpg\" alt=\"\" data-id=\"1483\" data-link=\"https:\/\/bijeliljiljan.org\/?attachment_id=1483\" class=\"wp-image-1483\" srcset=\"https:\/\/bijeliljiljan.org\/wp-content\/uploads\/2019\/11\/viber_image_2019-11-02_13-43-23-768x1024.jpg 768w, https:\/\/bijeliljiljan.org\/wp-content\/uploads\/2019\/11\/viber_image_2019-11-02_13-43-23-225x300.jpg 225w, https:\/\/bijeliljiljan.org\/wp-content\/uploads\/2019\/11\/viber_image_2019-11-02_13-43-23.jpg 1200w\" sizes=\"(max-width: 768px) 100vw, 768px\" \/><\/a><\/figure><\/li><li class=\"blocks-gallery-item\"><figure><a href=\"https:\/\/bijeliljiljan.org\/wp-content\/uploads\/2019\/11\/viber_image_2019-11-02_13-43-24-768x1024.jpg\"><img decoding=\"async\" loading=\"lazy\" width=\"768\" height=\"1024\" src=\"https:\/\/bijeliljiljan.org\/wp-content\/uploads\/2019\/11\/viber_image_2019-11-02_13-43-24-768x1024.jpg\" alt=\"\" data-id=\"1484\" data-link=\"https:\/\/bijeliljiljan.org\/?attachment_id=1484\" class=\"wp-image-1484\" srcset=\"https:\/\/bijeliljiljan.org\/wp-content\/uploads\/2019\/11\/viber_image_2019-11-02_13-43-24-768x1024.jpg 768w, https:\/\/bijeliljiljan.org\/wp-content\/uploads\/2019\/11\/viber_image_2019-11-02_13-43-24-225x300.jpg 225w, https:\/\/bijeliljiljan.org\/wp-content\/uploads\/2019\/11\/viber_image_2019-11-02_13-43-24.jpg 1200w\" sizes=\"(max-width: 768px) 100vw, 768px\" \/><\/a><\/figure><\/li><li class=\"blocks-gallery-item\"><figure><a href=\"https:\/\/bijeliljiljan.org\/wp-content\/uploads\/2019\/11\/viber_image_2019-11-02_13-42-59-1024x768.jpg\"><img decoding=\"async\" loading=\"lazy\" width=\"1024\" height=\"768\" src=\"https:\/\/bijeliljiljan.org\/wp-content\/uploads\/2019\/11\/viber_image_2019-11-02_13-42-59-1024x768.jpg\" alt=\"\" data-id=\"1485\" data-link=\"https:\/\/bijeliljiljan.org\/?attachment_id=1485\" class=\"wp-image-1485\" srcset=\"https:\/\/bijeliljiljan.org\/wp-content\/uploads\/2019\/11\/viber_image_2019-11-02_13-42-59-1024x768.jpg 1024w, https:\/\/bijeliljiljan.org\/wp-content\/uploads\/2019\/11\/viber_image_2019-11-02_13-42-59-300x225.jpg 300w, https:\/\/bijeliljiljan.org\/wp-content\/uploads\/2019\/11\/viber_image_2019-11-02_13-42-59-768x576.jpg 768w, https:\/\/bijeliljiljan.org\/wp-content\/uploads\/2019\/11\/viber_image_2019-11-02_13-42-59.jpg 1600w\" sizes=\"(max-width: 1024px) 100vw, 1024px\" \/><\/a><\/figure><\/li><li class=\"blocks-gallery-item\"><figure><a href=\"https:\/\/bijeliljiljan.org\/wp-content\/uploads\/2019\/11\/viber_image_2019-11-02_13-43-20-1024x768.jpg\"><img decoding=\"async\" loading=\"lazy\" width=\"1024\" height=\"768\" src=\"https:\/\/bijeliljiljan.org\/wp-content\/uploads\/2019\/11\/viber_image_2019-11-02_13-43-20-1024x768.jpg\" alt=\"\" data-id=\"1486\" data-link=\"https:\/\/bijeliljiljan.org\/?attachment_id=1486\" class=\"wp-image-1486\" srcset=\"https:\/\/bijeliljiljan.org\/wp-content\/uploads\/2019\/11\/viber_image_2019-11-02_13-43-20-1024x768.jpg 1024w, https:\/\/bijeliljiljan.org\/wp-content\/uploads\/2019\/11\/viber_image_2019-11-02_13-43-20-300x225.jpg 300w, https:\/\/bijeliljiljan.org\/wp-content\/uploads\/2019\/11\/viber_image_2019-11-02_13-43-20-768x576.jpg 768w, https:\/\/bijeliljiljan.org\/wp-content\/uploads\/2019\/11\/viber_image_2019-11-02_13-43-20.jpg 1600w\" sizes=\"(max-width: 1024px) 100vw, 1024px\" \/><\/a><\/figure><\/li><li class=\"blocks-gallery-item\"><figure><a href=\"https:\/\/bijeliljiljan.org\/wp-content\/uploads\/2019\/11\/viber_image_2019-11-02_13-43-21-1024x768.jpg\"><img decoding=\"async\" loading=\"lazy\" width=\"1024\" height=\"768\" src=\"https:\/\/bijeliljiljan.org\/wp-content\/uploads\/2019\/11\/viber_image_2019-11-02_13-43-21-1024x768.jpg\" alt=\"\" data-id=\"1487\" data-link=\"https:\/\/bijeliljiljan.org\/?attachment_id=1487\" class=\"wp-image-1487\" srcset=\"https:\/\/bijeliljiljan.org\/wp-content\/uploads\/2019\/11\/viber_image_2019-11-02_13-43-21-1024x768.jpg 1024w, https:\/\/bijeliljiljan.org\/wp-content\/uploads\/2019\/11\/viber_image_2019-11-02_13-43-21-300x225.jpg 300w, https:\/\/bijeliljiljan.org\/wp-content\/uploads\/2019\/11\/viber_image_2019-11-02_13-43-21-768x576.jpg 768w, https:\/\/bijeliljiljan.org\/wp-content\/uploads\/2019\/11\/viber_image_2019-11-02_13-43-21.jpg 1600w\" sizes=\"(max-width: 1024px) 100vw, 1024px\" \/><\/a><\/figure><\/li><li class=\"blocks-gallery-item\"><figure><a href=\"https:\/\/bijeliljiljan.org\/wp-content\/uploads\/2019\/11\/viber_image_2019-11-02_13-43-31-1024x385.jpg\"><img decoding=\"async\" loading=\"lazy\" width=\"1024\" height=\"385\" src=\"https:\/\/bijeliljiljan.org\/wp-content\/uploads\/2019\/11\/viber_image_2019-11-02_13-43-31-1024x385.jpg\" alt=\"\" data-id=\"1488\" data-link=\"https:\/\/bijeliljiljan.org\/?attachment_id=1488\" class=\"wp-image-1488\" srcset=\"https:\/\/bijeliljiljan.org\/wp-content\/uploads\/2019\/11\/viber_image_2019-11-02_13-43-31-1024x385.jpg 1024w, https:\/\/bijeliljiljan.org\/wp-content\/uploads\/2019\/11\/viber_image_2019-11-02_13-43-31-300x113.jpg 300w, https:\/\/bijeliljiljan.org\/wp-content\/uploads\/2019\/11\/viber_image_2019-11-02_13-43-31-768x289.jpg 768w, https:\/\/bijeliljiljan.org\/wp-content\/uploads\/2019\/11\/viber_image_2019-11-02_13-43-31.jpg 1600w\" sizes=\"(max-width: 1024px) 100vw, 1024px\" \/><\/a><\/figure><\/li><li class=\"blocks-gallery-item\"><figure><a href=\"https:\/\/bijeliljiljan.org\/wp-content\/uploads\/2019\/11\/viber_image_2019-11-02_14-49-56-1024x406.jpg\"><img decoding=\"async\" loading=\"lazy\" width=\"1024\" height=\"406\" src=\"https:\/\/bijeliljiljan.org\/wp-content\/uploads\/2019\/11\/viber_image_2019-11-02_14-49-56-1024x406.jpg\" alt=\"\" data-id=\"1489\" data-link=\"https:\/\/bijeliljiljan.org\/?attachment_id=1489\" class=\"wp-image-1489\" srcset=\"https:\/\/bijeliljiljan.org\/wp-content\/uploads\/2019\/11\/viber_image_2019-11-02_14-49-56-1024x406.jpg 1024w, https:\/\/bijeliljiljan.org\/wp-content\/uploads\/2019\/11\/viber_image_2019-11-02_14-49-56-300x119.jpg 300w, https:\/\/bijeliljiljan.org\/wp-content\/uploads\/2019\/11\/viber_image_2019-11-02_14-49-56-768x304.jpg 768w, https:\/\/bijeliljiljan.org\/wp-content\/uploads\/2019\/11\/viber_image_2019-11-02_14-49-56.jpg 1600w\" sizes=\"(max-width: 1024px) 100vw, 1024px\" \/><\/a><\/figure><\/li><li class=\"blocks-gallery-item\"><figure><a href=\"https:\/\/bijeliljiljan.org\/wp-content\/uploads\/2019\/11\/viber_image_2019-11-02_14-49-59-1024x768.jpg\"><img decoding=\"async\" loading=\"lazy\" width=\"1024\" height=\"768\" src=\"https:\/\/bijeliljiljan.org\/wp-content\/uploads\/2019\/11\/viber_image_2019-11-02_14-49-59-1024x768.jpg\" alt=\"\" data-id=\"1490\" data-link=\"https:\/\/bijeliljiljan.org\/?attachment_id=1490\" class=\"wp-image-1490\" srcset=\"https:\/\/bijeliljiljan.org\/wp-content\/uploads\/2019\/11\/viber_image_2019-11-02_14-49-59-1024x768.jpg 1024w, https:\/\/bijeliljiljan.org\/wp-content\/uploads\/2019\/11\/viber_image_2019-11-02_14-49-59-300x225.jpg 300w, https:\/\/bijeliljiljan.org\/wp-content\/uploads\/2019\/11\/viber_image_2019-11-02_14-49-59-768x576.jpg 768w, https:\/\/bijeliljiljan.org\/wp-content\/uploads\/2019\/11\/viber_image_2019-11-02_14-49-59.jpg 1600w\" sizes=\"(max-width: 1024px) 100vw, 1024px\" \/><\/a><\/figure><\/li><\/ul>\n","protected":false},"excerpt":{"rendered":"<p>Subota 2. 11. u 10 sati i 30 minuta grupa osnovaca, odlika\u0161a, u\u010denika svih pet osnovnih \u0161kola sa podru\u010dja Op\u0107ine Vogo\u0161\u0107a provela je akciju \u010di\u0161\u0107enja li\u0161\u0107a na Trgu branilaca ispred &#8230;<\/p>\n","protected":false},"author":3,"featured_media":1491,"comment_status":"closed","ping_status":"closed","sticky":false,"template":"","format":"standard","meta":[],"categories":[2],"tags":[87,88,89],"_links":{"self":[{"href":"https:\/\/bijeliljiljan.org\/index.php?rest_route=\/wp\/v2\/posts\/1476"}],"collection":[{"href":"https:\/\/bijeliljiljan.org\/index.php?rest_route=\/wp\/v2\/posts"}],"about":[{"href":"https:\/\/bijeliljiljan.org\/index.php?rest_route=\/wp\/v2\/types\/post"}],"author":[{"embeddable":true,"href":"https:\/\/bijeliljiljan.org\/index.php?rest_route=\/wp\/v2\/users\/3"}],"replies":[{"embeddable":true,"href":"https:\/\/bijeliljiljan.org\/index.php?rest_route=%2Fwp%2Fv2%2Fcomments&post=1476"}],"version-history":[{"count":6,"href":"https:\/\/bijeliljiljan.org\/index.php?rest_route=\/wp\/v2\/posts\/1476\/revisions"}],"predecessor-version":[{"id":1507,"href":"https:\/\/bijeliljiljan.org\/index.php?rest_route=\/wp\/v2\/posts\/1476\/revisions\/1507"}],"wp:featuredmedia":[{"embeddable":true,"href":"https:\/\/bijeliljiljan.org\/index.php?rest_route=\/wp\/v2\/media\/1491"}],"wp:attachment":[{"href":"https:\/\/bijeliljiljan.org\/index.php?rest_route=%2Fwp%2Fv2%2Fmedia&parent=1476"}],"wp:term":[{"taxonomy":"category","embeddable":true,"href":"https:\/\/bijeliljiljan.org\/index.php?rest_route=%2Fwp%2Fv2%2Fcategories&post=1476"},{"taxonomy":"post_tag","embeddable":true,"href":"https:\/\/bijeliljiljan.org\/index.php?rest_route=%2Fwp%2Fv2%2Ftags&post=1476"}],"curies":[{"name":"wp","href":"https:\/\/api.w.org\/{rel}","templated":true}]}}