{"id":1618,"date":"2020-03-02T18:50:43","date_gmt":"2020-03-02T18:50:43","guid":{"rendered":"https:\/\/bijeliljiljan.org\/?p=1618"},"modified":"2020-03-02T18:55:00","modified_gmt":"2020-03-02T18:55:00","slug":"dan-nezavisnosti","status":"publish","type":"post","link":"https:\/\/bijeliljiljan.org\/?p=1618","title":{"rendered":"Dan nezavisnosti"},"content":{"rendered":"\n<p>Marta prvog, u na\u0161oj domovini Bosni i Hercegovini obilje\u017eava se Dan nezavisnosti. Taj dan veoma je va\u017ean za svakog gra\u0111anina svake pa i na\u0161e domovine, posebno je va\u017ean za one koji su svjesni cijene, dakle koji su svjesni koliko je bilo te\u0161ko i skupo ostvariti jedan takav uspjeh i pobjedu.<\/p>\n\n\n\n<p>Upravo iz tog razloga neophodno je da \u010duvamo sje\u0107anje na \u017ertvu i krv \u0161ehidsku, na suze majki i o\u010deva dok prate sinove u borbu, na uzdahe supruga i djece \u0161to ostaju bez za\u0161titnika!<\/p>\n\n\n\n<ul class=\"is-layout-flex wp-block-gallery-1 wp-block-gallery columns-3 is-cropped\"><li class=\"blocks-gallery-item\"><figure><img decoding=\"async\" loading=\"lazy\" width=\"1024\" height=\"768\" src=\"https:\/\/bijeliljiljan.org\/wp-content\/uploads\/2020\/03\/0-02-05-7a80e8468b3468f4ef71732ff1b8c652b463add55c0c5e852c47b5d921eab130_8e983c27-1024x768.jpg\" alt=\"\" data-id=\"1619\" data-link=\"https:\/\/bijeliljiljan.org\/?attachment_id=1619\" class=\"wp-image-1619\" srcset=\"https:\/\/bijeliljiljan.org\/wp-content\/uploads\/2020\/03\/0-02-05-7a80e8468b3468f4ef71732ff1b8c652b463add55c0c5e852c47b5d921eab130_8e983c27-1024x768.jpg 1024w, https:\/\/bijeliljiljan.org\/wp-content\/uploads\/2020\/03\/0-02-05-7a80e8468b3468f4ef71732ff1b8c652b463add55c0c5e852c47b5d921eab130_8e983c27-300x225.jpg 300w, https:\/\/bijeliljiljan.org\/wp-content\/uploads\/2020\/03\/0-02-05-7a80e8468b3468f4ef71732ff1b8c652b463add55c0c5e852c47b5d921eab130_8e983c27-768x576.jpg 768w, https:\/\/bijeliljiljan.org\/wp-content\/uploads\/2020\/03\/0-02-05-7a80e8468b3468f4ef71732ff1b8c652b463add55c0c5e852c47b5d921eab130_8e983c27.jpg 1600w\" sizes=\"(max-width: 1024px) 100vw, 1024px\" \/><\/figure><\/li><li class=\"blocks-gallery-item\"><figure><img decoding=\"async\" loading=\"lazy\" width=\"1024\" height=\"768\" src=\"https:\/\/bijeliljiljan.org\/wp-content\/uploads\/2020\/03\/0-02-05-4a591ab82803c5814a04c36696bea02b9bd8160190cfc7fccb57b83b7c7aa965_775464f3-1024x768.jpg\" alt=\"\" data-id=\"1620\" data-link=\"https:\/\/bijeliljiljan.org\/?attachment_id=1620\" class=\"wp-image-1620\" srcset=\"https:\/\/bijeliljiljan.org\/wp-content\/uploads\/2020\/03\/0-02-05-4a591ab82803c5814a04c36696bea02b9bd8160190cfc7fccb57b83b7c7aa965_775464f3-1024x768.jpg 1024w, https:\/\/bijeliljiljan.org\/wp-content\/uploads\/2020\/03\/0-02-05-4a591ab82803c5814a04c36696bea02b9bd8160190cfc7fccb57b83b7c7aa965_775464f3-300x225.jpg 300w, https:\/\/bijeliljiljan.org\/wp-content\/uploads\/2020\/03\/0-02-05-4a591ab82803c5814a04c36696bea02b9bd8160190cfc7fccb57b83b7c7aa965_775464f3-768x576.jpg 768w, https:\/\/bijeliljiljan.org\/wp-content\/uploads\/2020\/03\/0-02-05-4a591ab82803c5814a04c36696bea02b9bd8160190cfc7fccb57b83b7c7aa965_775464f3.jpg 1600w\" sizes=\"(max-width: 1024px) 100vw, 1024px\" \/><\/figure><\/li><li class=\"blocks-gallery-item\"><figure><img decoding=\"async\" loading=\"lazy\" width=\"1024\" height=\"768\" src=\"https:\/\/bijeliljiljan.org\/wp-content\/uploads\/2020\/03\/0-02-05-b0ac4e9b8a09134708abeeadf8a6aa72a97d502b64c8803a06ce9711c2b9ae75_36cdc634-1024x768.jpg\" alt=\"\" data-id=\"1621\" data-link=\"https:\/\/bijeliljiljan.org\/?attachment_id=1621\" class=\"wp-image-1621\" srcset=\"https:\/\/bijeliljiljan.org\/wp-content\/uploads\/2020\/03\/0-02-05-b0ac4e9b8a09134708abeeadf8a6aa72a97d502b64c8803a06ce9711c2b9ae75_36cdc634-1024x768.jpg 1024w, https:\/\/bijeliljiljan.org\/wp-content\/uploads\/2020\/03\/0-02-05-b0ac4e9b8a09134708abeeadf8a6aa72a97d502b64c8803a06ce9711c2b9ae75_36cdc634-300x225.jpg 300w, https:\/\/bijeliljiljan.org\/wp-content\/uploads\/2020\/03\/0-02-05-b0ac4e9b8a09134708abeeadf8a6aa72a97d502b64c8803a06ce9711c2b9ae75_36cdc634-768x576.jpg 768w, https:\/\/bijeliljiljan.org\/wp-content\/uploads\/2020\/03\/0-02-05-b0ac4e9b8a09134708abeeadf8a6aa72a97d502b64c8803a06ce9711c2b9ae75_36cdc634.jpg 1600w\" sizes=\"(max-width: 1024px) 100vw, 1024px\" \/><\/figure><\/li><\/ul>\n\n\n\n<p>U sklopu programa imali smo i zajedni\u010dku posjetu gospo\u0111i Ramizi, koja \u017eivi u na\u0161oj blizini a supruga je i majka \u0161ehida. Ujedno bilo joj je i drago i te\u0161ko da se opet prise\u0107a gubitaka, koji naravno nisu bili uzaludni, jer zahvaljuju\u0107i svjesnim i hrabrim ljudima koji nisu \u017ealili svoje \u017eivote za odbranu i nezavisnost svoje domovine, mi s ponosom govorimo o svojoj domovini Bosni i Hercegovini.<\/p>\n\n\n\n<p>Tim povodom ispred prostorija Fodnacije, na\u0161i \u0161estaci su u \u010dast domovini \u010da\u0161\u0107avali prolaznike bonbonama, \u010dajem, zastavicama i srda\u010dnim osmjesima \u010destitaju\u0107i im ovaj praznik.<\/p>\n\n\n\n<p>Spomenuli smo cijenu, u samo nekoliko ta\u010daka mo\u017eemo vidjeti koliko je to strahobalna cijena bila:<\/p>\n\n\n\n<ul><li>preko 100.000 ubijenih i nestalih,<\/li><li>vi\u0161e od 200.000 ranjenih,<\/li><li>preko 20.000 silovanih,<\/li><li>vi\u0161e od milion protjeranih,<\/li><li>750 masovnih grobnica,<\/li><li>614 sru\u0161enih d\u017eamija,<\/li><li>36% uni\u0161tenog stambenog fonda,<\/li><li>materijalna \u0161teta procjenjena na preko 300 milijardi dolara.<\/li><\/ul>\n\n\n\n<p>Ali Bosne je bilo, ima je i bit \u0107e je!<\/p>\n\n\n\n<ul class=\"is-layout-flex wp-block-gallery-3 wp-block-gallery columns-3 is-cropped\"><li class=\"blocks-gallery-item\"><figure><img decoding=\"async\" loading=\"lazy\" width=\"1024\" height=\"768\" src=\"https:\/\/bijeliljiljan.org\/wp-content\/uploads\/2020\/03\/0-02-05-0db75fa12f4a6210be171ccfea706e4c5cb0bf9cde212ddfebbb7104271e6126_5660647e-1024x768.jpg\" alt=\"\" data-id=\"1622\" data-link=\"https:\/\/bijeliljiljan.org\/?attachment_id=1622\" class=\"wp-image-1622\" srcset=\"https:\/\/bijeliljiljan.org\/wp-content\/uploads\/2020\/03\/0-02-05-0db75fa12f4a6210be171ccfea706e4c5cb0bf9cde212ddfebbb7104271e6126_5660647e-1024x768.jpg 1024w, https:\/\/bijeliljiljan.org\/wp-content\/uploads\/2020\/03\/0-02-05-0db75fa12f4a6210be171ccfea706e4c5cb0bf9cde212ddfebbb7104271e6126_5660647e-300x225.jpg 300w, https:\/\/bijeliljiljan.org\/wp-content\/uploads\/2020\/03\/0-02-05-0db75fa12f4a6210be171ccfea706e4c5cb0bf9cde212ddfebbb7104271e6126_5660647e-768x576.jpg 768w, https:\/\/bijeliljiljan.org\/wp-content\/uploads\/2020\/03\/0-02-05-0db75fa12f4a6210be171ccfea706e4c5cb0bf9cde212ddfebbb7104271e6126_5660647e.jpg 1600w\" sizes=\"(max-width: 1024px) 100vw, 1024px\" \/><\/figure><\/li><li class=\"blocks-gallery-item\"><figure><img decoding=\"async\" loading=\"lazy\" width=\"1024\" height=\"768\" src=\"https:\/\/bijeliljiljan.org\/wp-content\/uploads\/2020\/03\/0-02-05-b2e7e2c23a828dff92bf58054ba90ead48c73e7109befb1a2516f8020dbed137_6b4a7e2c-1024x768.jpg\" alt=\"\" data-id=\"1623\" data-link=\"https:\/\/bijeliljiljan.org\/?attachment_id=1623\" class=\"wp-image-1623\" srcset=\"https:\/\/bijeliljiljan.org\/wp-content\/uploads\/2020\/03\/0-02-05-b2e7e2c23a828dff92bf58054ba90ead48c73e7109befb1a2516f8020dbed137_6b4a7e2c-1024x768.jpg 1024w, https:\/\/bijeliljiljan.org\/wp-content\/uploads\/2020\/03\/0-02-05-b2e7e2c23a828dff92bf58054ba90ead48c73e7109befb1a2516f8020dbed137_6b4a7e2c-300x225.jpg 300w, https:\/\/bijeliljiljan.org\/wp-content\/uploads\/2020\/03\/0-02-05-b2e7e2c23a828dff92bf58054ba90ead48c73e7109befb1a2516f8020dbed137_6b4a7e2c-768x576.jpg 768w, https:\/\/bijeliljiljan.org\/wp-content\/uploads\/2020\/03\/0-02-05-b2e7e2c23a828dff92bf58054ba90ead48c73e7109befb1a2516f8020dbed137_6b4a7e2c.jpg 1600w\" sizes=\"(max-width: 1024px) 100vw, 1024px\" \/><\/figure><\/li><li class=\"blocks-gallery-item\"><figure><img decoding=\"async\" loading=\"lazy\" width=\"1024\" height=\"768\" src=\"https:\/\/bijeliljiljan.org\/wp-content\/uploads\/2020\/03\/0-02-05-d24f89eecc07b6fee81e6a376c057e3f59c35d39a19881a35400849744bf55f0_a6a80899-1024x768.jpg\" alt=\"\" data-id=\"1624\" data-link=\"https:\/\/bijeliljiljan.org\/?attachment_id=1624\" class=\"wp-image-1624\" srcset=\"https:\/\/bijeliljiljan.org\/wp-content\/uploads\/2020\/03\/0-02-05-d24f89eecc07b6fee81e6a376c057e3f59c35d39a19881a35400849744bf55f0_a6a80899-1024x768.jpg 1024w, https:\/\/bijeliljiljan.org\/wp-content\/uploads\/2020\/03\/0-02-05-d24f89eecc07b6fee81e6a376c057e3f59c35d39a19881a35400849744bf55f0_a6a80899-300x225.jpg 300w, https:\/\/bijeliljiljan.org\/wp-content\/uploads\/2020\/03\/0-02-05-d24f89eecc07b6fee81e6a376c057e3f59c35d39a19881a35400849744bf55f0_a6a80899-768x576.jpg 768w, https:\/\/bijeliljiljan.org\/wp-content\/uploads\/2020\/03\/0-02-05-d24f89eecc07b6fee81e6a376c057e3f59c35d39a19881a35400849744bf55f0_a6a80899.jpg 1600w\" sizes=\"(max-width: 1024px) 100vw, 1024px\" \/><\/figure><\/li><li class=\"blocks-gallery-item\"><figure><img decoding=\"async\" loading=\"lazy\" width=\"1024\" height=\"768\" src=\"https:\/\/bijeliljiljan.org\/wp-content\/uploads\/2020\/03\/0-02-05-43a89222f38eea6594a8cf6a7014d44f141162332bb0b459d6c899bb2ef541e1_a580c6f2-1024x768.jpg\" alt=\"\" data-id=\"1625\" data-link=\"https:\/\/bijeliljiljan.org\/?attachment_id=1625\" class=\"wp-image-1625\" srcset=\"https:\/\/bijeliljiljan.org\/wp-content\/uploads\/2020\/03\/0-02-05-43a89222f38eea6594a8cf6a7014d44f141162332bb0b459d6c899bb2ef541e1_a580c6f2-1024x768.jpg 1024w, https:\/\/bijeliljiljan.org\/wp-content\/uploads\/2020\/03\/0-02-05-43a89222f38eea6594a8cf6a7014d44f141162332bb0b459d6c899bb2ef541e1_a580c6f2-300x225.jpg 300w, https:\/\/bijeliljiljan.org\/wp-content\/uploads\/2020\/03\/0-02-05-43a89222f38eea6594a8cf6a7014d44f141162332bb0b459d6c899bb2ef541e1_a580c6f2-768x576.jpg 768w, https:\/\/bijeliljiljan.org\/wp-content\/uploads\/2020\/03\/0-02-05-43a89222f38eea6594a8cf6a7014d44f141162332bb0b459d6c899bb2ef541e1_a580c6f2.jpg 1600w\" sizes=\"(max-width: 1024px) 100vw, 1024px\" \/><\/figure><\/li><\/ul>\n\n\n\n<p>Kao i svaki put, vrijedni prijatelji s TV Vogo\u0161\u0107e su propratili ovaj doga\u0111aj:  <a href=\"https:\/\/www.rtvvogosca.ba\/fondacija-bijeli-ljiljan-obiljezila-dan-nezavisnosti\/\">https:\/\/www.rtvvogosca.ba\/fondacija-bijeli-ljiljan-obiljezila-dan-nezavisnosti\/<\/a> <\/p>\n","protected":false},"excerpt":{"rendered":"<p>Marta prvog, u na\u0161oj domovini Bosni i Hercegovini obilje\u017eava se Dan nezavisnosti. Taj dan veoma je va\u017ean za svakog gra\u0111anina svake pa i na\u0161e domovine, posebno je va\u017ean za one &#8230;<\/p>\n","protected":false},"author":3,"featured_media":1625,"comment_status":"closed","ping_status":"closed","sticky":false,"template":"","format":"standard","meta":[],"categories":[2],"tags":[101,22],"_links":{"self":[{"href":"https:\/\/bijeliljiljan.org\/index.php?rest_route=\/wp\/v2\/posts\/1618"}],"collection":[{"href":"https:\/\/bijeliljiljan.org\/index.php?rest_route=\/wp\/v2\/posts"}],"about":[{"href":"https:\/\/bijeliljiljan.org\/index.php?rest_route=\/wp\/v2\/types\/post"}],"author":[{"embeddable":true,"href":"https:\/\/bijeliljiljan.org\/index.php?rest_route=\/wp\/v2\/users\/3"}],"replies":[{"embeddable":true,"href":"https:\/\/bijeliljiljan.org\/index.php?rest_route=%2Fwp%2Fv2%2Fcomments&post=1618"}],"version-history":[{"count":2,"href":"https:\/\/bijeliljiljan.org\/index.php?rest_route=\/wp\/v2\/posts\/1618\/revisions"}],"predecessor-version":[{"id":1627,"href":"https:\/\/bijeliljiljan.org\/index.php?rest_route=\/wp\/v2\/posts\/1618\/revisions\/1627"}],"wp:featuredmedia":[{"embeddable":true,"href":"https:\/\/bijeliljiljan.org\/index.php?rest_route=\/wp\/v2\/media\/1625"}],"wp:attachment":[{"href":"https:\/\/bijeliljiljan.org\/index.php?rest_route=%2Fwp%2Fv2%2Fmedia&parent=1618"}],"wp:term":[{"taxonomy":"category","embeddable":true,"href":"https:\/\/bijeliljiljan.org\/index.php?rest_route=%2Fwp%2Fv2%2Fcategories&post=1618"},{"taxonomy":"post_tag","embeddable":true,"href":"https:\/\/bijeliljiljan.org\/index.php?rest_route=%2Fwp%2Fv2%2Ftags&post=1618"}],"curies":[{"name":"wp","href":"https:\/\/api.w.org\/{rel}","templated":true}]}}